{"id":71,"date":"2026-01-22T20:00:56","date_gmt":"2026-01-22T20:00:56","guid":{"rendered":"https:\/\/educa.cides.com.br\/?p=71"},"modified":"2026-01-22T20:00:56","modified_gmt":"2026-01-22T20:00:56","slug":"cirrd-promoveu-acao-educativa-de-prevencao-contra-queimadas-nos-municipios-consorciados-ao-cides","status":"publish","type":"post","link":"https:\/\/educa.cides.com.br\/index.php\/2026\/01\/22\/cirrd-promoveu-acao-educativa-de-prevencao-contra-queimadas-nos-municipios-consorciados-ao-cides\/","title":{"rendered":"CIRRD promoveu a\u00e7\u00e3o educativa de preven\u00e7\u00e3o contra queimadas nos munic\u00edpios consorciados ao CIDES"},"content":{"rendered":"\n<figure class=\"wp-block-image size-large\"><img fetchpriority=\"high\" decoding=\"async\" width=\"1024\" height=\"768\" src=\"https:\/\/educa.cides.com.br\/wp-content\/uploads\/2026\/01\/image-2-1024x768.png\" alt=\"\" class=\"wp-image-72\" srcset=\"https:\/\/educa.cides.com.br\/wp-content\/uploads\/2026\/01\/image-2-1024x768.png 1024w, https:\/\/educa.cides.com.br\/wp-content\/uploads\/2026\/01\/image-2-300x225.png 300w, https:\/\/educa.cides.com.br\/wp-content\/uploads\/2026\/01\/image-2-768x576.png 768w, https:\/\/educa.cides.com.br\/wp-content\/uploads\/2026\/01\/image-2.png 1280w\" sizes=\"(max-width: 1024px) 100vw, 1024px\" \/><\/figure>\n\n\n\n<p>A Coordenadoria Intermunicipal para Redu\u00e7\u00e3o de Risco de Desastres (CIRRD), em parceria com os coordenadores municipais da Defesa Civil (COMPDEC), realizou nos munic\u00edpios consorciados ao CIDES, importantes a\u00e7\u00f5es educativas para preven\u00e7\u00e3o contra queimadas em \u00e1reas de vegeta\u00e7\u00e3o. A mobiliza\u00e7\u00e3o ocorreu em Cachoeira Dourada, Campina Verde, Estrela do Sul, Indian\u00f3polis, Monte Alegre de Minas, Prata e Santa Vit\u00f3ria, refor\u00e7ando o compromisso regional com a redu\u00e7\u00e3o de riscos de desastres durante o per\u00edodo de estiagem.<\/p>\n\n\n\n<p>As atividades foram realizadas em pontos de grande fluxo de tr\u00e2nsito e nas escolas municipais e estaduais, promovendo um maior alcance da sensibiliza\u00e7\u00e3o da popula\u00e7\u00e3o. A equipe da CIRRD, juntamente com o Corpo de Bombeiros Militar de Minas Gerais (2\u00ba COB\/5\u00baBBM) e os COMPDEC, distribu\u00edram materiais informativos e conversaram com motoristas, pedestres, estudantes e profissionais da educa\u00e7\u00e3o.<\/p>\n\n\n\n<p>A campanha levou orienta\u00e7\u00f5es sobre:<\/p>\n\n\n\n<p>\u2022os impactos das queimadas para o meio ambiente, sa\u00fade e seguran\u00e7a p\u00fablica;<\/p>\n\n\n\n<p>\u2022os cuidados necess\u00e1rios para evitar inc\u00eandios, especialmente durante a seca;<\/p>\n\n\n\n<p>\u2022a import\u00e2ncia da preven\u00e7\u00e3o em uma \u00e9poca marcada pela baixa umidade e ventos fortes.<\/p>\n\n\n\n<p>Al\u00e9m de alertar sobre comportamentos de risco, as equipes refor\u00e7aram as formas corretas de acionar os \u00f3rg\u00e3os competentes e de denunciar queimadas ilegais.<\/p>\n\n\n\n<p>A iniciativa evidencia o trabalho conjunto entre CIRRD, Defesa Civil Municipal, Corpo de Bombeiros e Prefeituras, fortalecendo a cultura de preven\u00e7\u00e3o e protegendo as comunidades dos munic\u00edpios consorciados.<\/p>\n\n\n\n<p>? Proteger o meio ambiente \u00e9 preservar vidas. Diga n\u00e3o \u00e0s queimadas! Defesa Civil somos todos n\u00f3s!<\/p>\n","protected":false},"excerpt":{"rendered":"<p>A Coordenadoria Intermunicipal para Redu\u00e7\u00e3o de Risco de Desastres (CIRRD), em parceria com os coordenadores municipais da Defesa Civil (COMPDEC), realizou nos munic\u00edpios consorciados ao CIDES, importantes a\u00e7\u00f5es educativas para preven\u00e7\u00e3o contra queimadas em \u00e1reas de vegeta\u00e7\u00e3o. A mobiliza\u00e7\u00e3o ocorreu em Cachoeira Dourada, Campina Verde, Estrela do Sul, Indian\u00f3polis, Monte Alegre de Minas, Prata e [&hellip;]<\/p>\n","protected":false},"author":1,"featured_media":72,"comment_status":"open","ping_status":"open","sticky":false,"template":"","format":"standard","meta":{"footnotes":""},"categories":[1],"tags":[],"class_list":["post-71","post","type-post","status-publish","format-standard","has-post-thumbnail","hentry","category-uncategorized"],"_links":{"self":[{"href":"https:\/\/educa.cides.com.br\/index.php\/wp-json\/wp\/v2\/posts\/71","targetHints":{"allow":["GET"]}}],"collection":[{"href":"https:\/\/educa.cides.com.br\/index.php\/wp-json\/wp\/v2\/posts"}],"about":[{"href":"https:\/\/educa.cides.com.br\/index.php\/wp-json\/wp\/v2\/types\/post"}],"author":[{"embeddable":true,"href":"https:\/\/educa.cides.com.br\/index.php\/wp-json\/wp\/v2\/users\/1"}],"replies":[{"embeddable":true,"href":"https:\/\/educa.cides.com.br\/index.php\/wp-json\/wp\/v2\/comments?post=71"}],"version-history":[{"count":1,"href":"https:\/\/educa.cides.com.br\/index.php\/wp-json\/wp\/v2\/posts\/71\/revisions"}],"predecessor-version":[{"id":73,"href":"https:\/\/educa.cides.com.br\/index.php\/wp-json\/wp\/v2\/posts\/71\/revisions\/73"}],"wp:featuredmedia":[{"embeddable":true,"href":"https:\/\/educa.cides.com.br\/index.php\/wp-json\/wp\/v2\/media\/72"}],"wp:attachment":[{"href":"https:\/\/educa.cides.com.br\/index.php\/wp-json\/wp\/v2\/media?parent=71"}],"wp:term":[{"taxonomy":"category","embeddable":true,"href":"https:\/\/educa.cides.com.br\/index.php\/wp-json\/wp\/v2\/categories?post=71"},{"taxonomy":"post_tag","embeddable":true,"href":"https:\/\/educa.cides.com.br\/index.php\/wp-json\/wp\/v2\/tags?post=71"}],"curies":[{"name":"wp","href":"https:\/\/api.w.org\/{rel}","templated":true}]}}